{"id":359,"date":"2020-11-02T22:01:23","date_gmt":"2020-11-02T21:01:23","guid":{"rendered":"http:\/\/sudmosaique.com\/blog\/?p=359"},"modified":"2020-11-02T22:01:23","modified_gmt":"2020-11-02T21:01:23","slug":"sud-mosaique-et-reconfinement","status":"publish","type":"post","link":"https:\/\/sudmosaique.com\/blog\/vie-de-latelier\/sud-mosaique-et-reconfinement\/","title":{"rendered":"SUD MOSAIQUE ET RECONFINEMENT"},"content":{"rendered":"<div  class=\"fusion-fullwidth fullwidth-box nonhundred-percent-fullwidth\"  style='background-color: rgba(255,255,255,0);background-position: center center;background-repeat: no-repeat;padding-top:20px;padding-right:0px;padding-bottom:20px;padding-left:0px;'><div class=\"fusion-builder-row fusion-row \"><div  class=\"fusion-layout-column fusion_builder_column fusion_builder_column_1_3  fusion-one-third fusion-column-first 1_3\"  style='margin-top:0px;margin-bottom:20px;width:33.33%;width:calc(33.33% - ( ( 4% ) * 0.3333 ) );margin-right: 4%;'>\n\t\t\t<div class=\"fusion-column-wrapper\"  style=\"background-position:left top;background-repeat:no-repeat;-webkit-background-size:cover;-moz-background-size:cover;-o-background-size:cover;background-size:cover;\"  data-bg-url=\"\">\n\t\t\t\t<span class=\"fusion-imageframe imageframe-none imageframe-1 hover-type-none\"><img loading=\"lazy\" src=\"https:\/\/sudmosaique.com\/blog\/wp-content\/uploads\/2020\/04\/Covid-19.jpg\" width=\"328\" height=\"154\" alt=\"\" title=\"Covid-19\" class=\"img-responsive wp-image-326\" srcset=\"https:\/\/sudmosaique.com\/blog\/wp-content\/uploads\/2020\/04\/Covid-19-200x94.jpg 200w, https:\/\/sudmosaique.com\/blog\/wp-content\/uploads\/2020\/04\/Covid-19.jpg 328w\" sizes=\"(max-width: 800px) 100vw, 1100px\" \/><\/span><div class=\"fusion-clearfix\"><\/div>\n\t\t\t<\/div>\n\t\t<\/div><div  class=\"fusion-layout-column fusion_builder_column fusion_builder_column_2_3  fusion-two-third fusion-column-last 2_3\"  style='margin-top:0px;margin-bottom:20px;width:66.66%;width:calc(66.66% - ( ( 4% ) * 0.6666 ) );'>\n\t\t\t<div class=\"fusion-column-wrapper\"  style=\"background-position:left top;background-repeat:no-repeat;-webkit-background-size:cover;-moz-background-size:cover;-o-background-size:cover;background-size:cover;\"  data-bg-url=\"\">\n\t\t\t\t<p><strong>SUD MOSAIQUE et le reconfinement \/COVID 19 :<\/strong><\/p>\n<p>Depuis le 30 octobre dernier, la France est reconfin\u00e9e et les commerces dits &laquo;&nbsp;non essentiels&nbsp;&raquo; ont du fermer. Ce n&rsquo;est pas le cas, cette fois-ci, de SUD MOSAIQUE. En effet, en tant que <strong>&laquo;&nbsp;commerce de mat\u00e9riaux de construction et outillage, en magasin sp\u00e9cialis\u00e9&nbsp;&raquo;, SUD MOSAIQUE est autoris\u00e9 \u00e0 poursuivre son activit\u00e9 de vente de mat\u00e9riaux et d&rsquo;outillage <\/strong>pour la mosa\u00efque.<\/p>\n<p>En cons\u00e9quence, <strong>SUD MOSAIQUE reste ouvert aux horaires habituels! <\/strong>Vous pouvez venir vous ravitailler en tesselles, mat\u00e9riaux diverses et outils, dans le respect rigoureux des gestes barri\u00e8res : 1 personne uniquement dans la partie boutique de l&rsquo;atelier, port du masque obligatoire, lavage des mains au gel hydroalcoolique (fourni) en entrant dans l&rsquo;atelier.<\/p>\n<p>En tant qu&rsquo;organisme de formation, <strong>SUD MOSAIQUE<\/strong> continue \u00e0 recevoir des stagiaires dans le cadre de la formation professionnelle continue lorsque la\u00a0formation en pr\u00e9senciel est incontournable.<\/p>\n<p>En revanche, SUD MOSAIQUE ne\u00a0peut continuer d&rsquo;accueillir du public dans le cadre du loisir.<\/p>\n<p><strong>La boutique en ligne, bien entendu, continue de fonctionner normalement.<\/strong> Pour les clients locaux, si vous ne souhaitez pas vous d\u00e9placer, vous pouvez commander et r\u00e9gler en ligne sur le site de la boutique en ligne <strong>www.sudmosaique.com<\/strong>. Un rendez-vous vous sera fix\u00e9 \u00e0 l&rsquo;atelier pour venir r\u00e9cup\u00e9rer votre commande.<\/p>\n<p>Pour les clients ne pouvant venir r\u00e9cup\u00e9rer leur commande \u00e0 l&rsquo;atelier, l&rsquo;envoi s&rsquo;effectue normalement par colissimo ou Mondial Relay (v\u00e9rifier l&rsquo;ouverture de votre relais colis avant de valider ce mode de livraison).<\/p>\n<p>La p\u00e9riode est difficile pour tous, particuli\u00e8rement pour les petits commer\u00e7ants et artisans comme <strong>SUD MOSAIQUE<\/strong>, alors je vous remercie chaleureusement pour votre soutien.<\/p>\n<p>Prenez-soin de vous!<\/p>\n<p>Nathalie BRENZA, artisan &#8211; SUD MOSAIQUE<\/p>\n<p>&nbsp;<\/p>\n<p>&nbsp;<\/p>\n<div class=\"fusion-clearfix\"><\/div>\n\t\t\t<\/div>\n\t\t<\/div><\/div><\/div>\n","protected":false},"excerpt":{"rendered":"","protected":false},"author":1,"featured_media":332,"comment_status":"closed","ping_status":"open","sticky":false,"template":"","format":"standard","meta":[],"categories":[6],"tags":[],"_links":{"self":[{"href":"https:\/\/sudmosaique.com\/blog\/wp-json\/wp\/v2\/posts\/359"}],"collection":[{"href":"https:\/\/sudmosaique.com\/blog\/wp-json\/wp\/v2\/posts"}],"about":[{"href":"https:\/\/sudmosaique.com\/blog\/wp-json\/wp\/v2\/types\/post"}],"author":[{"embeddable":true,"href":"https:\/\/sudmosaique.com\/blog\/wp-json\/wp\/v2\/users\/1"}],"replies":[{"embeddable":true,"href":"https:\/\/sudmosaique.com\/blog\/wp-json\/wp\/v2\/comments?post=359"}],"version-history":[{"count":5,"href":"https:\/\/sudmosaique.com\/blog\/wp-json\/wp\/v2\/posts\/359\/revisions"}],"predecessor-version":[{"id":366,"href":"https:\/\/sudmosaique.com\/blog\/wp-json\/wp\/v2\/posts\/359\/revisions\/366"}],"wp:featuredmedia":[{"embeddable":true,"href":"https:\/\/sudmosaique.com\/blog\/wp-json\/wp\/v2\/media\/332"}],"wp:attachment":[{"href":"https:\/\/sudmosaique.com\/blog\/wp-json\/wp\/v2\/media?parent=359"}],"wp:term":[{"taxonomy":"category","embeddable":true,"href":"https:\/\/sudmosaique.com\/blog\/wp-json\/wp\/v2\/categories?post=359"},{"taxonomy":"post_tag","embeddable":true,"href":"https:\/\/sudmosaique.com\/blog\/wp-json\/wp\/v2\/tags?post=359"}],"curies":[{"name":"wp","href":"https:\/\/api.w.org\/{rel}","templated":true}]}}