{"id":564,"date":"2025-12-09T14:25:50","date_gmt":"2025-12-09T13:25:50","guid":{"rendered":"https:\/\/sudmosaique.com\/blog\/?p=564"},"modified":"2025-12-09T14:25:51","modified_gmt":"2025-12-09T13:25:51","slug":"fermeture-de-sud-mosaique-pour-les-fetes-de-fin-dannee","status":"publish","type":"post","link":"https:\/\/sudmosaique.com\/blog\/vie-de-latelier\/fermeture-de-sud-mosaique-pour-les-fetes-de-fin-dannee\/","title":{"rendered":"Fermeture de SUD MOSA\u00cfQUE pour les f\u00eates de fin d&rsquo;ann\u00e9e"},"content":{"rendered":"\n<figure class=\"wp-block-image size-large\"><img loading=\"lazy\" width=\"275\" height=\"183\" src=\"https:\/\/sudmosaique.com\/blog\/wp-content\/uploads\/2018\/11\/Noel-2018.jpg\" alt=\"Noel avec des bougies\" class=\"wp-image-284\" srcset=\"https:\/\/sudmosaique.com\/blog\/wp-content\/uploads\/2018\/11\/Noel-2018-200x133.jpg 200w, https:\/\/sudmosaique.com\/blog\/wp-content\/uploads\/2018\/11\/Noel-2018.jpg 275w\" sizes=\"(max-width: 275px) 100vw, 275px\" \/><\/figure>\n\n\n\n<p>2025 arrive \u00e0 son terme&#8230;..nous voil\u00e0 aux portes des f\u00eates de fin d&rsquo;ann\u00e9e.<\/p>\n\n\n\n<p>SUD MOSAIQUE sera ferm\u00e9 du <strong>19\/12\/2025 au 05\/01\/2026<\/strong> pour les f\u00eates. Les commandes par la boutique internet ne seront pas du tout trait\u00e9es du 19\/12\/2025 au 29\/12\/2025. Si vous commandez durant cette p\u00e9riode, il y aura donc du retard et les livraisons n&rsquo;interviendront qu&rsquo;\u00e0 partir du 29\/12\/2025.<\/p>\n\n\n\n<p>Par ailleurs, devant subir une petite intervention chirurgicale, l&rsquo;atelier sera \u00e9galement ferm\u00e9 du <strong>07\/01\/2026 au 12\/01\/2026 inclus.<\/strong><\/p>\n\n\n\n<p>Je vous souhaite \u00e0 toutes et \u00e0 tous de passer de merveilleuses f\u00eates de fin d&rsquo;ann\u00e9e entour\u00e9s des v\u00f4tres.<\/p>\n\n\n\n<p>Nathalie BRENZA<\/p>\n\n\n\n<p>Artisan d&rsquo;art mosa\u00efste<\/p>\n","protected":false},"excerpt":{"rendered":"<p>2025 arrive \u00e0 son terme&#8230;..nous voil\u00e0 aux portes des f\u00eates de fin d&rsquo;ann\u00e9e. SUD MOSAIQUE sera ferm\u00e9 du 19\/12\/2025 au 05\/01\/2026 pour les f\u00eates. Les commandes par la boutique internet ne seront pas du tout trait\u00e9es du 19\/12\/2025 au 29\/12\/2025. Si vous commandez durant cette p\u00e9riode, il y aura donc du retard et les livraisons n&rsquo;interviendront qu&rsquo;\u00e0 partir du 29\/12\/2025. Par ailleurs, devant subir une petite intervention chirurgicale, l&rsquo;atelier sera \u00e9galement ferm\u00e9 du 07\/01\/2026 au 12\/01\/2026 inclus. Je vous souhaite \u00e0 toutes et \u00e0 tous de passer de merveilleuses f\u00eates de fin d&rsquo;ann\u00e9e entour\u00e9s des v\u00f4tres. Nathalie BRENZA Artisan d&rsquo;art mosa\u00efste<\/p>\n","protected":false},"author":1,"featured_media":428,"comment_status":"closed","ping_status":"open","sticky":false,"template":"","format":"standard","meta":[],"categories":[6],"tags":[],"_links":{"self":[{"href":"https:\/\/sudmosaique.com\/blog\/wp-json\/wp\/v2\/posts\/564"}],"collection":[{"href":"https:\/\/sudmosaique.com\/blog\/wp-json\/wp\/v2\/posts"}],"about":[{"href":"https:\/\/sudmosaique.com\/blog\/wp-json\/wp\/v2\/types\/post"}],"author":[{"embeddable":true,"href":"https:\/\/sudmosaique.com\/blog\/wp-json\/wp\/v2\/users\/1"}],"replies":[{"embeddable":true,"href":"https:\/\/sudmosaique.com\/blog\/wp-json\/wp\/v2\/comments?post=564"}],"version-history":[{"count":1,"href":"https:\/\/sudmosaique.com\/blog\/wp-json\/wp\/v2\/posts\/564\/revisions"}],"predecessor-version":[{"id":565,"href":"https:\/\/sudmosaique.com\/blog\/wp-json\/wp\/v2\/posts\/564\/revisions\/565"}],"wp:featuredmedia":[{"embeddable":true,"href":"https:\/\/sudmosaique.com\/blog\/wp-json\/wp\/v2\/media\/428"}],"wp:attachment":[{"href":"https:\/\/sudmosaique.com\/blog\/wp-json\/wp\/v2\/media?parent=564"}],"wp:term":[{"taxonomy":"category","embeddable":true,"href":"https:\/\/sudmosaique.com\/blog\/wp-json\/wp\/v2\/categories?post=564"},{"taxonomy":"post_tag","embeddable":true,"href":"https:\/\/sudmosaique.com\/blog\/wp-json\/wp\/v2\/tags?post=564"}],"curies":[{"name":"wp","href":"https:\/\/api.w.org\/{rel}","templated":true}]}}